{"id":8609,"date":"2021-02-03T13:48:40","date_gmt":"2021-02-03T18:48:40","guid":{"rendered":"https:\/\/pelicanoproperties.mx\/?p=8609"},"modified":"2022-04-22T10:35:49","modified_gmt":"2022-04-22T15:35:49","slug":"2021-une-annee-de-migration-pour-le-travail","status":"publish","type":"post","link":"https:\/\/pelicanoproperties.mx\/fr\/2021-une-annee-de-migration-pour-le-travail\/","title":{"rendered":"2021 : une ann\u00e9e de migration pour le travail ?"},"content":{"rendered":"<p>[et_pb_section bb_built=\u00a0\u00bb1&Prime; fullwidth=\u00a0\u00bbon\u00a0\u00bb _builder_version=\u00a0\u00bb3.0.47&Prime; next_background_color=\u00a0\u00bb#000000&Prime;][et_pb_fullwidth_image admin_label=\u00a0\u00bbIMAGEN PRINCIPAL\u00a0\u00bb src=\u00a0\u00bbhttps:\/\/pelicanoproperties.mx\/wp-content\/uploads\/2021\/02\/Pelicano-Properties-Playa-del-Carmen-tulum-Cancun-1.jpg\u00a0\u00bb _builder_version=\u00a0\u00bb3.21.4&Prime; custom_css_main_element=\u00a0\u00bbheight:650px;\u00a0\u00bb animation_style=\u00a0\u00bbslide\u00a0\u00bb animation_duration=\u00a0\u00bb500ms\u00a0\u00bb animation_intensity_slide=\u00a0\u00bb10%\u00a0\u00bb animation_direction=\u00a0\u00bbleft\u00a0\u00bb z_index_tablet=\u00a0\u00bb500&Prime;]<\/p>\n<p>\n&nbsp;<\/p>\n<p>[\/et_pb_fullwidth_image][\/et_pb_section][et_pb_section bb_built=\u00a0\u00bb1&Prime; specialty=\u00a0\u00bbon\u00a0\u00bb _builder_version=\u00a0\u00bb3.0.47&Prime; prev_background_color=\u00a0\u00bb#000000&Prime;][et_pb_column type=\u00a0\u00bb3_4&Prime; specialty_columns=\u00a0\u00bb3&Prime;][et_pb_row_inner custom_padding=\u00a0\u00bb76px|0px|34.6563px|0px\u00a0\u00bb _builder_version=\u00a0\u00bb3.0.47&Prime;][et_pb_column_inner type=\u00a0\u00bb4_4&Prime; saved_specialty_column_type=\u00a0\u00bb3_4&Prime;][et_pb_text admin_label=\u00a0\u00bbTITULO DEL POST\u00a0\u00bb _builder_version=\u00a0\u00bb3.21.4&Prime; custom_css_main_element=\u00a0\u00bb width: 80% !important;|| max-width: 400px !important;|| z-index: 99;|| background-color: white;|| || padding: 30px !important;|| || margin-top: -200px !important;|| -webkit-box-shadow: 0px 0px 29px -4px rgba(0,0,0,0.51);||-moz-box-shadow: 0px 0px 29px -4px rgba(0,0,0,0.51);||box-shadow: 0px 0px 29px -4px rgba(0,0,0,0.51);\u00a0\u00bb z_index_tablet=\u00a0\u00bb500&Prime; text_font_size=\u00a0\u00bb20px\u00a0\u00bb text_orientation=\u00a0\u00bbcenter\u00a0\u00bb]<\/p>\n<h2 style=\"text-align: center;\"><strong>2021 : <\/strong><\/h2>\n<h2 style=\"text-align: center;\"><strong>une ann\u00e9e de <\/strong><\/h2>\n<h2 style=\"text-align: center;\"><strong>migration pour <\/strong><\/h2>\n<h2 style=\"text-align: center;\"><strong>le travail ?<\/strong><\/h2>\n<p>\u00a0<\/p>\n<p>[\/et_pb_text][et_pb_divider _builder_version=\u00a0\u00bb3.0.64&Prime; disabled_on=\u00a0\u00bbon|on|off\u00a0\u00bb color=\u00a0\u00bb#ffffff\u00a0\u00bb show_divider=\u00a0\u00bboff\u00a0\u00bb]<\/p>\n<p>\n&nbsp;<\/p>\n<p>[\/et_pb_divider][et_pb_text _builder_version=\u00a0\u00bb3.21.4&Prime; z_index_tablet=\u00a0\u00bb500&Prime;]<\/p>\n<p>2021 sera une ann\u00e9e de forte migration vers la Riviera Maya\u00a0 selon l&rsquo;AMPI<\/p>\n<p>Selon les donn\u00e9es Inegi, en 2020, la mobilit\u00e9 a augment\u00e9 de 6,8%<\/p>\n<p><img loading=\"lazy\" decoding=\"async\" class=\"alignnone size-full wp-image-8614\" src=\"https:\/\/pelicanoproperties.mx\/wp-content\/uploads\/2021\/02\/Pelicano-Properties-Playa-del-Carmen-tulum-Cancun-6.jpg\" alt=\"\" width=\"800\" height=\"300\" srcset=\"https:\/\/pelicanoproperties.mx\/wp-content\/uploads\/2021\/02\/Pelicano-Properties-Playa-del-Carmen-tulum-Cancun-6.jpg 800w, https:\/\/pelicanoproperties.mx\/wp-content\/uploads\/2021\/02\/Pelicano-Properties-Playa-del-Carmen-tulum-Cancun-6-300x113.jpg 300w, https:\/\/pelicanoproperties.mx\/wp-content\/uploads\/2021\/02\/Pelicano-Properties-Playa-del-Carmen-tulum-Cancun-6-768x288.jpg 768w\" sizes=\"auto, (max-width: 800px) 100vw, 800px\" \/><\/p>\n<p>\u00a0<\/p>\n<p>2021 sera une ann\u00e9e de forte migration vers la Riviera Maya, caract\u00e9ris\u00e9e par la tendance que la \u00ab maison de vacances \u00bb deviendra la r\u00e9sidence habituelle, ph\u00e9nom\u00e8ne port\u00e9 par la tendance vers le bureau \u00e0 domicile ; En d&rsquo;autres termes, \u00ab\u00a0il ne sera plus n\u00e9cessaire d&rsquo;\u00eatre dans les grandes villes pour avoir une relation de travail\u00a0\u00bb, a d\u00e9clar\u00e9 le pr\u00e9sident de l&rsquo;Association mexicaine locale des professionnels de l&rsquo;immobilier (AMPI), Francisco Pav\u00f3n Ochoa.<\/p>\n<p><img loading=\"lazy\" decoding=\"async\" class=\"alignnone size-full wp-image-8615\" src=\"https:\/\/pelicanoproperties.mx\/wp-content\/uploads\/2021\/02\/Pelicano-Properties-Playa-del-Carmen-tulum-Cancun-2.jpeg\" alt=\"\" width=\"1280\" height=\"720\" srcset=\"https:\/\/pelicanoproperties.mx\/wp-content\/uploads\/2021\/02\/Pelicano-Properties-Playa-del-Carmen-tulum-Cancun-2.jpeg 1280w, https:\/\/pelicanoproperties.mx\/wp-content\/uploads\/2021\/02\/Pelicano-Properties-Playa-del-Carmen-tulum-Cancun-2-300x169.jpeg 300w, https:\/\/pelicanoproperties.mx\/wp-content\/uploads\/2021\/02\/Pelicano-Properties-Playa-del-Carmen-tulum-Cancun-2-1024x576.jpeg 1024w, https:\/\/pelicanoproperties.mx\/wp-content\/uploads\/2021\/02\/Pelicano-Properties-Playa-del-Carmen-tulum-Cancun-2-768x432.jpeg 768w, https:\/\/pelicanoproperties.mx\/wp-content\/uploads\/2021\/02\/Pelicano-Properties-Playa-del-Carmen-tulum-Cancun-2-1080x608.jpeg 1080w\" sizes=\"auto, (max-width: 1280px) 100vw, 1280px\" \/><\/p>\n<p>Lors d&rsquo;une conf\u00e9rence de presse au cours de laquelle il a pr\u00e9sent\u00e9 le nouveau conseil d&rsquo;administration de l&rsquo;agence, \u00e0 Playa del Carmen, Pav\u00f3n Ochoa a soulign\u00e9 que malgr\u00e9 le COVID-19, il y avait eu un nombre int\u00e9ressant de locations de propri\u00e9t\u00e9s sur la Riviera Maya et a soulign\u00e9 le taux de migration vers l\u2019\u00e9tat publi\u00e9 lors du recensement de 2020 de l&rsquo;Institut national de statistique et de g\u00e9ographie (INEGI), soit 6,8%, avec des personnes venant principalement de Mexico, Monterrey et Guadalajara.<\/p>\n<p><img loading=\"lazy\" decoding=\"async\" class=\"alignnone size-full wp-image-8616\" src=\"https:\/\/pelicanoproperties.mx\/wp-content\/uploads\/2021\/02\/Pelicano-Properties-Playa-del-Carmen-tulum-Cancun-7.jpg\" alt=\"\" width=\"1082\" height=\"619\" srcset=\"https:\/\/pelicanoproperties.mx\/wp-content\/uploads\/2021\/02\/Pelicano-Properties-Playa-del-Carmen-tulum-Cancun-7.jpg 1082w, https:\/\/pelicanoproperties.mx\/wp-content\/uploads\/2021\/02\/Pelicano-Properties-Playa-del-Carmen-tulum-Cancun-7-300x172.jpg 300w, https:\/\/pelicanoproperties.mx\/wp-content\/uploads\/2021\/02\/Pelicano-Properties-Playa-del-Carmen-tulum-Cancun-7-1024x586.jpg 1024w, https:\/\/pelicanoproperties.mx\/wp-content\/uploads\/2021\/02\/Pelicano-Properties-Playa-del-Carmen-tulum-Cancun-7-768x439.jpg 768w, https:\/\/pelicanoproperties.mx\/wp-content\/uploads\/2021\/02\/Pelicano-Properties-Playa-del-Carmen-tulum-Cancun-7-1080x618.jpg 1080w\" sizes=\"auto, (max-width: 1082px) 100vw, 1082px\" \/><\/p>\n<p>\u00ab Nous avons m\u00eame eu des clients des \u00c9tats-Unis qui sont d\u00e9j\u00e0 \u00e0 la retraite et qui cherchent \u00e0 jouir et \u00e0 avoir un h\u00e9ritage futur, donc nous anticipons une migration non seulement nationale mais aussi \u00e9trang\u00e8re \u00bb, a d\u00e9clar\u00e9 le nouveau pr\u00e9sident de l&rsquo;association.<\/p>\n<p>\u00a0<\/p>\n<p>\u00a0\u00bb Les gens sautent vers le sud-est, en particulier vers les n\u0153uds touristiques qui ont des infrastructures, c&rsquo;est pourquoi ils commencent \u00e0 planifier des projets qui pourraient avoir ces compl\u00e9ments pour fournir des services \u00e0 toute cette offre de logement \u00ab\u00a0, a d\u00e9clar\u00e9 Enrique. Dom\u00ednguez, vice-pr\u00e9sident des relations institutionnelles chez AMPI.<\/p>\n<p>\u00a0<\/p>\n<p>Il a rapport\u00e9 qu&rsquo;en 2020, ils ont vendu environ 1800 unit\u00e9s, sans tenir compte du dernier trimestre de l&rsquo;ann\u00e9e et a annonc\u00e9 qu&rsquo;ils s&rsquo;attendaient \u00e0 ce que les chiffres d\u00e9finitifs refl\u00e8tent une contraction de 16% du march\u00e9, caus\u00e9e par la contingence sanitaire.<\/p>\n<p>\u00a0<\/p>\n<p>Les professionnels de l&rsquo;immobilier estiment que les nouveaux d\u00e9veloppements immobiliers devraient int\u00e9grer plus de v\u00e9g\u00e9tation, \u00eatre des d\u00e9veloppements verticaux qui laissent de l&rsquo;espace pour plus d&rsquo;espaces verts, une meilleure mobilit\u00e9 et un lien entre l&rsquo;espace public et priv\u00e9.<\/p>\n<p>\u00a0<\/p>\n<p>Ils ont d\u00e9sign\u00e9 comme zones de croissance urbaine la \u00ab zone de diamant \u00bb, situ\u00e9e sur la route f\u00e9d\u00e9rale, entre les d\u00e9veloppements Coral et Mayakoba, ainsi que l&rsquo;ouest de la ville.<\/p>\n<p><img loading=\"lazy\" decoding=\"async\" class=\"alignnone size-full wp-image-8617\" src=\"https:\/\/pelicanoproperties.mx\/wp-content\/uploads\/2021\/02\/5-Pelicano-Properties-Playa-Del-Carmen.jpg\" alt=\"\" width=\"960\" height=\"1280\" srcset=\"https:\/\/pelicanoproperties.mx\/wp-content\/uploads\/2021\/02\/5-Pelicano-Properties-Playa-Del-Carmen.jpg 960w, https:\/\/pelicanoproperties.mx\/wp-content\/uploads\/2021\/02\/5-Pelicano-Properties-Playa-Del-Carmen-225x300.jpg 225w, https:\/\/pelicanoproperties.mx\/wp-content\/uploads\/2021\/02\/5-Pelicano-Properties-Playa-Del-Carmen-768x1024.jpg 768w\" sizes=\"auto, (max-width: 960px) 100vw, 960px\" \/><\/p>\n<p>Le nouveau conseil d&rsquo;administration de l&rsquo;AMPI Riviera Maya est dirig\u00e9 par Francisco Pav\u00f3n Ochoa, pr\u00e9sident ; Enrique Dom\u00ednguez, vice-pr\u00e9sident des relations institutionnelles et Vanessa R\u00edos Vega, tr\u00e9sori\u00e8re.<\/p>\n<p>Il semblerait, donc, que l&rsquo;ann\u00e9e 2021, sera une ann\u00e9e de changement. Peut \u00eatre dans le bon sens, sait-on jamais.<\/p>\n<p>[\/et_pb_text][\/et_pb_column_inner][\/et_pb_row_inner][\/et_pb_column][et_pb_column type=\u00a0\u00bb1_4&Prime;][et_pb_blog posts_number=\u00a0\u00bb10&Prime; show_thumbnail=\u00a0\u00bboff\u00a0\u00bb show_author=\u00a0\u00bboff\u00a0\u00bb offset_number=\u00a0\u00bb0&Prime; _builder_version=\u00a0\u00bb3.21.4&Prime; box_shadow_color=\u00a0\u00bbrgba(0,0,0,0.3)\u00a0\u00bb box_shadow_style=\u00a0\u00bbnone\u00a0\u00bb]<\/p>\n<p>\n&nbsp;<\/p>\n<p>[\/et_pb_blog][et_pb_sidebar area=\u00a0\u00bbsidebar-1&Prime; _builder_version=\u00a0\u00bb3.21.4&Prime; show_border=\u00a0\u00bbon\u00a0\u00bb]<\/p>\n<p>\n&nbsp;<\/p>\n<p>[\/et_pb_sidebar][\/et_pb_column][\/et_pb_section]<\/p>\n","protected":false},"excerpt":{"rendered":"<p>[et_pb_section bb_built=\u00a0\u00bb1&Prime; fullwidth=\u00a0\u00bbon\u00a0\u00bb _builder_version=\u00a0\u00bb3.0.47&Prime; next_background_color=\u00a0\u00bb#000000&Prime;][et_pb_fullwidth_image admin_label=\u00a0\u00bbIMAGEN PRINCIPAL\u00a0\u00bb src=\u00a0\u00bbhttps:\/\/pelicanoproperties.mx\/wp-content\/uploads\/2021\/02\/Pelicano-Properties-Playa-del-Carmen-tulum-Cancun-1.jpg\u00a0\u00bb _builder_version=\u00a0\u00bb3.21.4&Prime; custom_css_main_element=\u00a0\u00bbheight:650px;\u00a0\u00bb animation_style=\u00a0\u00bbslide\u00a0\u00bb animation_duration=\u00a0\u00bb500ms\u00a0\u00bb animation_intensity_slide=\u00a0\u00bb10%\u00a0\u00bb animation_direction=\u00a0\u00bbleft\u00a0\u00bb z_index_tablet=\u00a0\u00bb500&Prime;] &nbsp; [\/et_pb_fullwidth_image][\/et_pb_section][et_pb_section bb_built=\u00a0\u00bb1&Prime; specialty=\u00a0\u00bbon\u00a0\u00bb _builder_version=\u00a0\u00bb3.0.47&Prime; prev_background_color=\u00a0\u00bb#000000&Prime;][et_pb_column type=\u00a0\u00bb3_4&Prime; specialty_columns=\u00a0\u00bb3&Prime;][et_pb_row_inner custom_padding=\u00a0\u00bb76px|0px|34.6563px|0px\u00a0\u00bb _builder_version=\u00a0\u00bb3.0.47&Prime;][et_pb_column_inner type=\u00a0\u00bb4_4&Prime; saved_specialty_column_type=\u00a0\u00bb3_4&Prime;][et_pb_text admin_label=\u00a0\u00bbTITULO DEL POST\u00a0\u00bb _builder_version=\u00a0\u00bb3.21.4&Prime; custom_css_main_element=\u00a0\u00bb width: 80% !important;|| max-width: 400px !important;|| z-index: 99;|| background-color: white;|| || padding: 30px !important;|| || margin-top: -200px !important;|| -webkit-box-shadow: 0px 0px 29px -4px [&hellip;]<\/p>\n","protected":false},"author":3,"featured_media":11493,"comment_status":"open","ping_status":"open","sticky":false,"template":"","format":"standard","meta":{"_et_pb_use_builder":"on","_et_pb_old_content":"","footnotes":""},"categories":[75],"tags":[79],"class_list":["post-8609","post","type-post","status-publish","format-standard","has-post-thumbnail","hentry","category-investir","tag-immobilier-riviera-maya"],"yoast_head":"<!-- This site is optimized with the Yoast SEO plugin v21.4 - https:\/\/yoast.com\/wordpress\/plugins\/seo\/ -->\n<title>Agence immobili\u00e8re fran\u00e7aise,(francophone) \u00e0 Playa del Carmen<\/title>\n<meta name=\"description\" content=\"Pelicano Properties, agence immobili\u00e8re francophone \u00e0 Playa del Carmen, L&#039;ann\u00e9e 2021 sera sans doute une ann\u00e9e de changement\" \/>\n<meta name=\"robots\" content=\"index, follow, max-snippet:-1, max-image-preview:large, max-video-preview:-1\" \/>\n<link rel=\"canonical\" href=\"https:\/\/pelicanoproperties.mx\/fr\/2021-une-annee-de-migration-pour-le-travail\/\" \/>\n<meta property=\"og:locale\" content=\"fr_FR\" \/>\n<meta property=\"og:type\" content=\"article\" \/>\n<meta property=\"og:title\" content=\"Agence immobili\u00e8re fran\u00e7aise,(francophone) \u00e0 Playa del Carmen\" \/>\n<meta property=\"og:description\" content=\"Pelicano Properties, agence immobili\u00e8re francophone \u00e0 Playa del Carmen, L&#039;ann\u00e9e 2021 sera sans doute une ann\u00e9e de changement\" \/>\n<meta property=\"og:url\" content=\"https:\/\/pelicanoproperties.mx\/fr\/2021-une-annee-de-migration-pour-le-travail\/\" \/>\n<meta property=\"og:site_name\" content=\"Pelicano Properties\" \/>\n<meta property=\"article:published_time\" content=\"2021-02-03T18:48:40+00:00\" \/>\n<meta property=\"article:modified_time\" content=\"2022-04-22T15:35:49+00:00\" \/>\n<meta property=\"og:image\" content=\"https:\/\/pelicanoproperties.mx\/wp-content\/uploads\/2021\/02\/Pelicano-Properties-Playa-del-Carmen-tulum-Cancun-2-1.jpg\" \/>\n\t<meta property=\"og:image:width\" content=\"837\" \/>\n\t<meta property=\"og:image:height\" content=\"711\" \/>\n\t<meta property=\"og:image:type\" content=\"image\/jpeg\" \/>\n<meta name=\"author\" content=\"pelicanoproperties\" \/>\n<meta name=\"twitter:card\" content=\"summary_large_image\" \/>\n<meta name=\"twitter:label1\" content=\"\u00c9crit par\" \/>\n\t<meta name=\"twitter:data1\" content=\"pelicanoproperties\" \/>\n\t<meta name=\"twitter:label2\" content=\"Dur\u00e9e de lecture estim\u00e9e\" \/>\n\t<meta name=\"twitter:data2\" content=\"4 minutes\" \/>\n<script type=\"application\/ld+json\" class=\"yoast-schema-graph\">{\"@context\":\"https:\/\/schema.org\",\"@graph\":[{\"@type\":\"WebPage\",\"@id\":\"https:\/\/pelicanoproperties.mx\/fr\/2021-une-annee-de-migration-pour-le-travail\/\",\"url\":\"https:\/\/pelicanoproperties.mx\/fr\/2021-une-annee-de-migration-pour-le-travail\/\",\"name\":\"Agence immobili\u00e8re fran\u00e7aise,(francophone) \u00e0 Playa del Carmen\",\"isPartOf\":{\"@id\":\"https:\/\/pelicanoproperties.mx\/#website\"},\"datePublished\":\"2021-02-03T18:48:40+00:00\",\"dateModified\":\"2022-04-22T15:35:49+00:00\",\"author\":{\"@id\":\"https:\/\/pelicanoproperties.mx\/#\/schema\/person\/7f37271d23196bd6e50e5b1e02da34f2\"},\"description\":\"Pelicano Properties, agence immobili\u00e8re francophone \u00e0 Playa del Carmen, L'ann\u00e9e 2021 sera sans doute une ann\u00e9e de changement\",\"breadcrumb\":{\"@id\":\"https:\/\/pelicanoproperties.mx\/fr\/2021-une-annee-de-migration-pour-le-travail\/#breadcrumb\"},\"inLanguage\":\"fr-FR\",\"potentialAction\":[{\"@type\":\"ReadAction\",\"target\":[\"https:\/\/pelicanoproperties.mx\/fr\/2021-une-annee-de-migration-pour-le-travail\/\"]}]},{\"@type\":\"BreadcrumbList\",\"@id\":\"https:\/\/pelicanoproperties.mx\/fr\/2021-une-annee-de-migration-pour-le-travail\/#breadcrumb\",\"itemListElement\":[{\"@type\":\"ListItem\",\"position\":1,\"name\":\"Portada\",\"item\":\"https:\/\/pelicanoproperties.mx\/fr\/\"},{\"@type\":\"ListItem\",\"position\":2,\"name\":\"2021 : une ann\u00e9e de migration pour le travail ?\"}]},{\"@type\":\"WebSite\",\"@id\":\"https:\/\/pelicanoproperties.mx\/#website\",\"url\":\"https:\/\/pelicanoproperties.mx\/\",\"name\":\"Pelicano Properties\",\"description\":\"Pelicano Properties\",\"potentialAction\":[{\"@type\":\"SearchAction\",\"target\":{\"@type\":\"EntryPoint\",\"urlTemplate\":\"https:\/\/pelicanoproperties.mx\/?s={search_term_string}\"},\"query-input\":\"required name=search_term_string\"}],\"inLanguage\":\"fr-FR\"},{\"@type\":\"Person\",\"@id\":\"https:\/\/pelicanoproperties.mx\/#\/schema\/person\/7f37271d23196bd6e50e5b1e02da34f2\",\"name\":\"pelicanoproperties\",\"image\":{\"@type\":\"ImageObject\",\"inLanguage\":\"fr-FR\",\"@id\":\"https:\/\/pelicanoproperties.mx\/#\/schema\/person\/image\/\",\"url\":\"https:\/\/pelicanoproperties.mx\/wp-content\/wphb-cache\/gravatar\/51f\/51fcd8d78b989f64f32bedd1d3ec6e26x96.jpg\",\"contentUrl\":\"https:\/\/pelicanoproperties.mx\/wp-content\/wphb-cache\/gravatar\/51f\/51fcd8d78b989f64f32bedd1d3ec6e26x96.jpg\",\"caption\":\"pelicanoproperties\"},\"url\":\"https:\/\/pelicanoproperties.mx\/fr\/author\/pelicanoproperties\/\"}]}<\/script>\n<!-- \/ Yoast SEO plugin. -->","yoast_head_json":{"title":"Agence immobili\u00e8re fran\u00e7aise,(francophone) \u00e0 Playa del Carmen","description":"Pelicano Properties, agence immobili\u00e8re francophone \u00e0 Playa del Carmen, L'ann\u00e9e 2021 sera sans doute une ann\u00e9e de changement","robots":{"index":"index","follow":"follow","max-snippet":"max-snippet:-1","max-image-preview":"max-image-preview:large","max-video-preview":"max-video-preview:-1"},"canonical":"https:\/\/pelicanoproperties.mx\/fr\/2021-une-annee-de-migration-pour-le-travail\/","og_locale":"fr_FR","og_type":"article","og_title":"Agence immobili\u00e8re fran\u00e7aise,(francophone) \u00e0 Playa del Carmen","og_description":"Pelicano Properties, agence immobili\u00e8re francophone \u00e0 Playa del Carmen, L'ann\u00e9e 2021 sera sans doute une ann\u00e9e de changement","og_url":"https:\/\/pelicanoproperties.mx\/fr\/2021-une-annee-de-migration-pour-le-travail\/","og_site_name":"Pelicano Properties","article_published_time":"2021-02-03T18:48:40+00:00","article_modified_time":"2022-04-22T15:35:49+00:00","og_image":[{"width":837,"height":711,"url":"https:\/\/pelicanoproperties.mx\/wp-content\/uploads\/2021\/02\/Pelicano-Properties-Playa-del-Carmen-tulum-Cancun-2-1.jpg","type":"image\/jpeg"}],"author":"pelicanoproperties","twitter_card":"summary_large_image","twitter_misc":{"\u00c9crit par":"pelicanoproperties","Dur\u00e9e de lecture estim\u00e9e":"4 minutes"},"schema":{"@context":"https:\/\/schema.org","@graph":[{"@type":"WebPage","@id":"https:\/\/pelicanoproperties.mx\/fr\/2021-une-annee-de-migration-pour-le-travail\/","url":"https:\/\/pelicanoproperties.mx\/fr\/2021-une-annee-de-migration-pour-le-travail\/","name":"Agence immobili\u00e8re fran\u00e7aise,(francophone) \u00e0 Playa del Carmen","isPartOf":{"@id":"https:\/\/pelicanoproperties.mx\/#website"},"datePublished":"2021-02-03T18:48:40+00:00","dateModified":"2022-04-22T15:35:49+00:00","author":{"@id":"https:\/\/pelicanoproperties.mx\/#\/schema\/person\/7f37271d23196bd6e50e5b1e02da34f2"},"description":"Pelicano Properties, agence immobili\u00e8re francophone \u00e0 Playa del Carmen, L'ann\u00e9e 2021 sera sans doute une ann\u00e9e de changement","breadcrumb":{"@id":"https:\/\/pelicanoproperties.mx\/fr\/2021-une-annee-de-migration-pour-le-travail\/#breadcrumb"},"inLanguage":"fr-FR","potentialAction":[{"@type":"ReadAction","target":["https:\/\/pelicanoproperties.mx\/fr\/2021-une-annee-de-migration-pour-le-travail\/"]}]},{"@type":"BreadcrumbList","@id":"https:\/\/pelicanoproperties.mx\/fr\/2021-une-annee-de-migration-pour-le-travail\/#breadcrumb","itemListElement":[{"@type":"ListItem","position":1,"name":"Portada","item":"https:\/\/pelicanoproperties.mx\/fr\/"},{"@type":"ListItem","position":2,"name":"2021 : une ann\u00e9e de migration pour le travail ?"}]},{"@type":"WebSite","@id":"https:\/\/pelicanoproperties.mx\/#website","url":"https:\/\/pelicanoproperties.mx\/","name":"Pelicano Properties","description":"Pelicano Properties","potentialAction":[{"@type":"SearchAction","target":{"@type":"EntryPoint","urlTemplate":"https:\/\/pelicanoproperties.mx\/?s={search_term_string}"},"query-input":"required name=search_term_string"}],"inLanguage":"fr-FR"},{"@type":"Person","@id":"https:\/\/pelicanoproperties.mx\/#\/schema\/person\/7f37271d23196bd6e50e5b1e02da34f2","name":"pelicanoproperties","image":{"@type":"ImageObject","inLanguage":"fr-FR","@id":"https:\/\/pelicanoproperties.mx\/#\/schema\/person\/image\/","url":"https:\/\/pelicanoproperties.mx\/wp-content\/wphb-cache\/gravatar\/51f\/51fcd8d78b989f64f32bedd1d3ec6e26x96.jpg","contentUrl":"https:\/\/pelicanoproperties.mx\/wp-content\/wphb-cache\/gravatar\/51f\/51fcd8d78b989f64f32bedd1d3ec6e26x96.jpg","caption":"pelicanoproperties"},"url":"https:\/\/pelicanoproperties.mx\/fr\/author\/pelicanoproperties\/"}]}},"_links":{"self":[{"href":"https:\/\/pelicanoproperties.mx\/fr\/wp-json\/wp\/v2\/posts\/8609","targetHints":{"allow":["GET"]}}],"collection":[{"href":"https:\/\/pelicanoproperties.mx\/fr\/wp-json\/wp\/v2\/posts"}],"about":[{"href":"https:\/\/pelicanoproperties.mx\/fr\/wp-json\/wp\/v2\/types\/post"}],"author":[{"embeddable":true,"href":"https:\/\/pelicanoproperties.mx\/fr\/wp-json\/wp\/v2\/users\/3"}],"replies":[{"embeddable":true,"href":"https:\/\/pelicanoproperties.mx\/fr\/wp-json\/wp\/v2\/comments?post=8609"}],"version-history":[{"count":0,"href":"https:\/\/pelicanoproperties.mx\/fr\/wp-json\/wp\/v2\/posts\/8609\/revisions"}],"wp:featuredmedia":[{"embeddable":true,"href":"https:\/\/pelicanoproperties.mx\/fr\/wp-json\/wp\/v2\/media\/11493"}],"wp:attachment":[{"href":"https:\/\/pelicanoproperties.mx\/fr\/wp-json\/wp\/v2\/media?parent=8609"}],"wp:term":[{"taxonomy":"category","embeddable":true,"href":"https:\/\/pelicanoproperties.mx\/fr\/wp-json\/wp\/v2\/categories?post=8609"},{"taxonomy":"post_tag","embeddable":true,"href":"https:\/\/pelicanoproperties.mx\/fr\/wp-json\/wp\/v2\/tags?post=8609"}],"curies":[{"name":"wp","href":"https:\/\/api.w.org\/{rel}","templated":true}]}}