{"id":1141,"date":"2018-01-25T14:44:49","date_gmt":"2018-01-25T20:44:49","guid":{"rendered":"https:\/\/pelicanoproperties.mx\/?p=1141"},"modified":"2019-02-07T18:33:44","modified_gmt":"2019-02-08T00:33:44","slug":"pourquoi-on-aime-le-mexique","status":"publish","type":"post","link":"https:\/\/pelicanoproperties.mx\/fr\/pourquoi-on-aime-le-mexique\/","title":{"rendered":"Pourquoi on aime le Mexique ?"},"content":{"rendered":"<p>[et_pb_section bb_built=\u00a0\u00bb1&Prime; fullwidth=\u00a0\u00bbon\u00a0\u00bb _builder_version=\u00a0\u00bb3.0.47&Prime;][et_pb_fullwidth_image admin_label=\u00a0\u00bbIMAGEN PRINCIPAL\u00a0\u00bb src=\u00a0\u00bbhttps:\/\/pelicanoproperties.mx\/wp-content\/uploads\/2018\/01\/senora-Riviera-Maya.jpg\u00a0\u00bb _builder_version=\u00a0\u00bb3.0.64&Prime; use_border_color=\u00a0\u00bbon\u00a0\u00bb border_color=\u00a0\u00bb#7af4e8&Prime; border_width=\u00a0\u00bb54px\u00a0\u00bb custom_css_main_element=\u00a0\u00bbheight:650px;\u00a0\u00bb]<\/p>\n<p>&nbsp;<\/p>\n<p>[\/et_pb_fullwidth_image][\/et_pb_section][et_pb_section bb_built=\u00a0\u00bb1&Prime; specialty=\u00a0\u00bbon\u00a0\u00bb _builder_version=\u00a0\u00bb3.0.47&Prime;][et_pb_column type=\u00a0\u00bb3_4&Prime; specialty_columns=\u00a0\u00bb3&Prime;][et_pb_row_inner custom_padding=\u00a0\u00bb76px|0px|34.6563px|0px\u00a0\u00bb _builder_version=\u00a0\u00bb3.0.47&Prime;][et_pb_column_inner type=\u00a0\u00bb4_4&Prime; saved_specialty_column_type=\u00a0\u00bb3_4&Prime;][et_pb_text admin_label=\u00a0\u00bbTITULO DEL POST\u00a0\u00bb _builder_version=\u00a0\u00bb3.0.64&Prime; custom_css_main_element=\u00a0\u00bb width: 80% !important;|| max-width: 400px !important;|| z-index: 99;|| background-color: white;|| || padding: 30px !important;|| || margin-top: -200px !important;|| -webkit-box-shadow: 0px 0px 29px -4px rgba(0,0,0,0.51);||-moz-box-shadow: 0px 0px 29px -4px rgba(0,0,0,0.51);||box-shadow: 0px 0px 29px -4px rgba(0,0,0,0.51);\u00a0\u00bb]<\/p>\n<h2>Pourquoi on aime le Mexique ?<\/h2>\n<p>&nbsp;<\/p>\n<p>[\/et_pb_text][et_pb_divider _builder_version=\u00a0\u00bb3.0.64&Prime;]<\/p>\n<p>&nbsp;<\/p>\n<p>[\/et_pb_divider][et_pb_text _builder_version=\u00a0\u00bb3.0.64&Prime; background_layout=\u00a0\u00bblight\u00a0\u00bb text_orientation=\u00a0\u00bbleft\u00a0\u00bb border_style=\u00a0\u00bbsolid\u00a0\u00bb]<\/p>\n<p>&nbsp;<\/p>\n<h3><strong>Le Mexique : un pays merveilleux<\/strong><\/h3>\n<p>&nbsp;<\/p>\n<p>On aime le Mexique parce que c\u2019est un pays merveilleux, riche en tout. en histoire, en monument, en culture, en plages paradisiaques, en paysage, en population diverse, riche en gastronomie, en fait riche en \u00e9motions et en ressenti extraordinaire.<\/p>\n<p>Tout au long de ce blog, je vais d\u00e9velopper ces diverses richesses. Mais pour le moment il y en a une qui me tient \u00e0 c\u0153ur, pet \u00eatre un peu bizarre mais cela a sans doute \u00e9t\u00e9 le commencement pour moi de l\u2019amour que j\u2019ai pour ce pays.<\/p>\n<p>&nbsp;<\/p>\n<h4><strong>Souvenirs de jeunesse<\/strong><\/h4>\n<p>&nbsp;<\/p>\n<p>Quand j\u2019\u00e9tais petit, j\u2019aimais les westerns am\u00e9ricains. Mon p\u00e8re m\u2019avait donn\u00e9 ce gout en regardant tous les mardi soir \u00a0\u00ab La derni\u00e8re S\u00e9ance\u00a0\u00bb, l\u2019\u00e9mission d\u2019Eddy Mitchell qui pr\u00e9sentait presque \u00e0 chaque fois un western mythique du cin\u00e9ma am\u00e9ricain. Dans ces films, il y\u00a0 avait \u00a0bien entendu, des m\u00e9chants mexicains qui r\u00e9pandaient la terreur dans le sud des \u00e9tats unis (Rio Bravo, Les 7 Mercenaires, Il \u00e9tait une fois la r\u00e9volution, Veracruz ou Alamo). Pour moi, c\u2019\u00e9tait le moment d\u2019incarner le super cowboy sur son beau cheval, un pistolet \u00e0 la ceinture poursuivant les m\u00e9chants et les tuant \u00e0 la fin au cours d\u2019un duel. Je luttais alors contre ces m\u00e9chants \u00e0 moustache et au grand sombrero. Mais cela, c\u2019\u00e9tait une belle image pour le cin\u00e9ma, aujourd\u2019hui, je me rends compte que la plupart de ces m\u00e9chants \u00e0 moustache ne l\u2019\u00e9tait pas vraiment. C\u2019\u00e9tait plus une propagande pour nous faire comprendre que les gentils \u00e9taient les cow-boys et non les mexicains basan\u00e9s, allong\u00e9s sur le sol. Mais si, clich\u00e9, il y avait, la r\u00e9alit\u00e9 et la v\u00e9rit\u00e9 \u00e9taient toute autre.<\/p>\n<p>&nbsp;<\/p>\n<h4><strong>Les mexicains ne sont pas ce que l&rsquo;on croit<\/strong><\/h4>\n<p>&nbsp;<\/p>\n<p>Evidemment, Les mexicains, comme les am\u00e9ricains n\u2019\u00e9taient pas tous des \u00ab\u00a0enfants de c\u0153ur\u00a0\u00bb, \u00a0la plupart luttaient pour conserver leurs terres et n\u2019\u00e9taient pas forc\u00e9ment \u00a0des brigands (Pancho Villa, Emiliano Zapata). Vous devez savoir qu\u2019une partie des terres des Etats Unis actuels \u00e9taient mexicaines. L\u2019Utah, l\u2019Arizona, la Californie, le Texas, le Nevada, le Colorado, le Wyoming, le Nouveau Mexique, tous ces \u00e9tats ont \u00e9t\u00e9 perdus le 2 f\u00e9vrier 1848 sous le r\u00e8gne d\u2019Antonio Lopez de Santa Anna lors de \u00a0la bataille du fort Alamo. Cette histoire nous la connaissons \u00e0 peu pr\u00e8s tous car dans cette bataille moururent Davy Crockett et James Bowie. Cette bataille eut lieu du 23 f\u00e9vrier au 6 mars 1836 mais n\u2019est qu\u2019une anecdote dans la perte des territoires du Mexique. Mais nous reviendrons plus tard sur ce fait d\u2019arme.<\/p>\n<div id=\"attachment_2539\" style=\"width: 324px\" class=\"wp-caption alignleft\"><img loading=\"lazy\" decoding=\"async\" aria-describedby=\"caption-attachment-2539\" class=\"wp-image-2539\" src=\"https:\/\/pelicanoproperties.mx\/wp-content\/uploads\/2018\/01\/Zapata-Charro-suit-805x1024.jpg\" alt=\"\" width=\"314\" height=\"400\" srcset=\"https:\/\/pelicanoproperties.mx\/wp-content\/uploads\/2018\/01\/Zapata-Charro-suit-805x1024.jpg 805w, https:\/\/pelicanoproperties.mx\/wp-content\/uploads\/2018\/01\/Zapata-Charro-suit-236x300.jpg 236w, https:\/\/pelicanoproperties.mx\/wp-content\/uploads\/2018\/01\/Zapata-Charro-suit-768x977.jpg 768w, https:\/\/pelicanoproperties.mx\/wp-content\/uploads\/2018\/01\/Zapata-Charro-suit.jpg 943w\" sizes=\"auto, (max-width: 314px) 100vw, 314px\" \/><p id=\"caption-attachment-2539\" class=\"wp-caption-text\"><strong>Emiliano Zapata salazar dit \u00ab\u00a0El Caudillo\u00a0\u00bb<\/strong><\/p><\/div>\n<div id=\"attachment_2241\" style=\"width: 334px\" class=\"wp-caption alignleft\"><img loading=\"lazy\" decoding=\"async\" aria-describedby=\"caption-attachment-2241\" class=\"wp-image-2241\" src=\"https:\/\/pelicanoproperties.mx\/wp-content\/uploads\/2018\/09\/Pancho_villa_horseback-831x1024.jpg\" alt=\"\" width=\"324\" height=\"400\" srcset=\"https:\/\/pelicanoproperties.mx\/wp-content\/uploads\/2018\/09\/Pancho_villa_horseback-831x1024.jpg 831w, https:\/\/pelicanoproperties.mx\/wp-content\/uploads\/2018\/09\/Pancho_villa_horseback-243x300.jpg 243w, https:\/\/pelicanoproperties.mx\/wp-content\/uploads\/2018\/09\/Pancho_villa_horseback-768x947.jpg 768w, https:\/\/pelicanoproperties.mx\/wp-content\/uploads\/2018\/09\/Pancho_villa_horseback-1080x1331.jpg 1080w\" sizes=\"auto, (max-width: 324px) 100vw, 324px\" \/><p id=\"caption-attachment-2241\" class=\"wp-caption-text\"><strong>Jos\u00e9 Doroteo Arango Ar\u00e1mbula dit \u00ab\u00a0Pancho Villa\u00a0\u00bb<\/strong><\/p><\/div>\n<p>&nbsp;<\/p>\n<p>&nbsp;<\/p>\n<p>&nbsp;<\/p>\n<p>&nbsp;<\/p>\n<p>&nbsp;<\/p>\n<p>&nbsp;<\/p>\n<p>&nbsp;<\/p>\n<p>&nbsp;<\/p>\n<p>&nbsp;<\/p>\n<p>&nbsp;<\/p>\n<p>&nbsp;<\/p>\n<p>Pour en revenir, \u00e0 notre amour pour le Mexique, les seuls souvenirs que nous en avons, ce sont ces brigands mexicains dans les westerns am\u00e9ricains mais on en a peu, de la culture pr\u00e9colombienne. Je ne suis pas historien mais je vais essayer de vous raconter les faits importants de l\u2019histoire du Mexique.<\/p>\n<p>Dans ce blog, on parlera aussi tourisme, avec tout ce que l\u2019on peut voir d\u2019int\u00e9ressant mais surtout, dans la p\u00e9ninsule du Yucatan comme les villes par exemple (Merida, Valladolid, Campeche, Izamal, etc\u2026..)<\/p>\n<p>Nous n\u2019oublierons pas, non plus, de parler des plages, cela me semble le plus important pour ceux qui veulent profiter de l\u2019\u00e9t\u00e9 permanent des cara\u00efbes. La culture m\u00e9soam\u00e9ricaine sera de mise, bien entendu et il y a de quoi faire dans la p\u00e9ninsule (Chichen Itza, Coba, Muyil, Tulum, etc\u2026.).<\/p>\n<p>&nbsp;<\/p>\n<h4><strong>Les cenotes<\/strong><\/h4>\n<p>&nbsp;<\/p>\n<p>Au niveau des sorties culturelles, il y a un lieu que vous ne rencontrerez nulle part ailleurs\u00a0: les \u00ab\u00a0cenotes\u00a0\u00bb. Ce sont des grottes ou des lacs souterrains incroyablement beaux. Nicolas Hulot y avait consacr\u00e9 une \u00e9mission \u00ab\u00a0Ushua\u00efa\u00a0\u00bb, il y a quelques ann\u00e9es. Un des plus grands au monde vient d\u2019\u00eatre d\u00e9couvert dans le Yucatan, il y a tr\u00e8s peu de temps, le 10 janvier 2018. Mais il est toujours en exploration, \u00e0 ce jours<\/p>\n<p><iframe loading=\"lazy\" width=\"1080\" height=\"608\" src=\"https:\/\/www.youtube.com\/embed\/9cNQXzn6YDg?feature=oembed\" frameborder=\"0\" allow=\"accelerometer; autoplay; encrypted-media; gyroscope; picture-in-picture\" allowfullscreen><\/iframe><\/p>\n<p style=\"text-align: center;\">Sac Actun, le cenote le plus grand du monde<\/p>\n<p><iframe loading=\"lazy\" width=\"1080\" height=\"810\" src=\"https:\/\/www.youtube.com\/embed\/mLbESc251EM?feature=oembed\" frameborder=\"0\" allow=\"accelerometer; autoplay; encrypted-media; gyroscope; picture-in-picture\" allowfullscreen><\/iframe><\/p>\n<p style=\"text-align: center;\">Ushuaia et Nicolas Hulot dans le Yucatan<\/p>\n<p>&nbsp;<\/p>\n<p>On pourra aussi parler cuisine et gastronomie et il y a de quoi faire. Le m\u00e9lange de la cuisine espagnole et pr\u00e9hispanique est relativement appr\u00e9ciable pour les papilles. On pourra ici, aussi bien manger du poisson que de la viande ou v\u00e9g\u00e9tarien pour ceux qui le d\u00e9sire.<\/p>\n<p>&nbsp;<\/p>\n<h4><strong>Un peuple fier de ses origines<\/strong><\/h4>\n<p>&nbsp;<\/p>\n<p>Pour terminer cette article, je voudrais parler des mexicains. Malheureusement, on entend parler du Mexique que quand il y a des catastrophes ou des meurtres horribles perp\u00e9tr\u00e9s par les narco trafiquants.\u00a0 Ce qui est tragique dans ces faits divers, c\u2019est que \u00e7a ne refl\u00e8te pas le reste du pays. En effet, les mexicains sont des gens avec des racines profondes, un m\u00e9lange de Mayas, Azt\u00e8ques, Zapot\u00e8ques, Mixt\u00e8ques, Olm\u00e8ques, etc\u2026.. et d\u2019espagnols. Ce sont des gens fiers de leurs anc\u00eatres et de leurs origines. Ils ont la double culture pr\u00e9colombienne et hispanique qui donne \u00e0 leur pays une grandeur d\u2019\u00e2me. Les mexicains seront toujours plus aimables que dans certains restaurants fran\u00e7ais. Ils offrent difficilement leur amiti\u00e9 \u00e0 des \u00e9trangers mais quand ils s\u2019ouvrent enfin, leur porte est grande ouverte. Ils ont une mani\u00e8re de saluer plus chaude et conviviale qu\u2019en France. Nous, on se sert la main cordialement mais eux non seulement, ils vous serreront la main mais ils vous serreront dans leurs bras en vous tapotant le dos gentiment. Ce jour, vous serez accept\u00e9. De plus, si vous faites l\u2019effort de parler espagnol, ils vous en seront tr\u00e8s reconnaissants.<\/p>\n<p>Ultime petit mot, je ne voudrais surtout vous imposer mon point de vue, li n\u2019engage que moi. Il est vrai que je connais ce pays depuis 28 ans et que je suis tomb\u00e9 dedans \u00e9tant petit (comme ob\u00e9lix). Aujourd\u2019hui, ma compagne est mexicaine et c\u2019est peut-\u00eatre pour \u00e7a que mon avis n\u2019est pas neutre.<\/p>\n<p>&nbsp;<\/p>\n<p>Voil\u00e0, la prochaine fois, je vous parlerai des plages du Yucatan.<\/p>\n<p>La suite au prochain \u00e9pisode.<\/p>\n<p>Hasta la vista y que le vaya bien.<\/p>\n<p>&nbsp;<\/p>\n<p>&nbsp;<\/p>\n<p>&nbsp;<\/p>\n<p>[\/et_pb_text][\/et_pb_column_inner][\/et_pb_row_inner][\/et_pb_column][et_pb_column type=\u00a0\u00bb1_4&Prime;][et_pb_blog posts_number=\u00a0\u00bb10&Prime; show_thumbnail=\u00a0\u00bboff\u00a0\u00bb show_author=\u00a0\u00bboff\u00a0\u00bb offset_number=\u00a0\u00bb0&Prime; _builder_version=\u00a0\u00bb3.0.64&Prime;]<\/p>\n<p>&nbsp;<\/p>\n<p>[\/et_pb_blog][et_pb_sidebar area=\u00a0\u00bbsidebar-1&Prime; _builder_version=\u00a0\u00bb3.0.64&Prime;]<\/p>\n<p>&nbsp;<\/p>\n<p>[\/et_pb_sidebar][et_pb_video _builder_version=\u00a0\u00bb3.0.64&Prime;]<\/p>\n<p>&nbsp;<\/p>\n<p>[\/et_pb_video][et_pb_video _builder_version=\u00a0\u00bb3.0.64&Prime;]<\/p>\n<p>&nbsp;<\/p>\n<p>[\/et_pb_video][\/et_pb_column][\/et_pb_section]<\/p>\n","protected":false},"excerpt":{"rendered":"<p>[et_pb_section bb_built=\u00a0\u00bb1&Prime; fullwidth=\u00a0\u00bbon\u00a0\u00bb _builder_version=\u00a0\u00bb3.0.47&Prime;][et_pb_fullwidth_image admin_label=\u00a0\u00bbIMAGEN PRINCIPAL\u00a0\u00bb src=\u00a0\u00bbhttps:\/\/pelicanoproperties.mx\/wp-content\/uploads\/2018\/01\/senora-Riviera-Maya.jpg\u00a0\u00bb _builder_version=\u00a0\u00bb3.0.64&Prime; use_border_color=\u00a0\u00bbon\u00a0\u00bb border_color=\u00a0\u00bb#7af4e8&Prime; border_width=\u00a0\u00bb54px\u00a0\u00bb custom_css_main_element=\u00a0\u00bbheight:650px;\u00a0\u00bb] &nbsp; [\/et_pb_fullwidth_image][\/et_pb_section][et_pb_section bb_built=\u00a0\u00bb1&Prime; specialty=\u00a0\u00bbon\u00a0\u00bb _builder_version=\u00a0\u00bb3.0.47&Prime;][et_pb_column type=\u00a0\u00bb3_4&Prime; specialty_columns=\u00a0\u00bb3&Prime;][et_pb_row_inner custom_padding=\u00a0\u00bb76px|0px|34.6563px|0px\u00a0\u00bb _builder_version=\u00a0\u00bb3.0.47&Prime;][et_pb_column_inner type=\u00a0\u00bb4_4&Prime; saved_specialty_column_type=\u00a0\u00bb3_4&Prime;][et_pb_text admin_label=\u00a0\u00bbTITULO DEL POST\u00a0\u00bb _builder_version=\u00a0\u00bb3.0.64&Prime; custom_css_main_element=\u00a0\u00bb width: 80% !important;|| max-width: 400px !important;|| z-index: 99;|| background-color: white;|| || padding: 30px !important;|| || margin-top: -200px !important;|| -webkit-box-shadow: 0px 0px 29px -4px rgba(0,0,0,0.51);||-moz-box-shadow: 0px 0px 29px [&hellip;]<\/p>\n","protected":false},"author":3,"featured_media":1149,"comment_status":"open","ping_status":"open","sticky":false,"template":"","format":"standard","meta":{"_et_pb_use_builder":"on","_et_pb_old_content":"","footnotes":""},"categories":[76],"tags":[24,25],"class_list":["post-1141","post","type-post","status-publish","format-standard","has-post-thumbnail","hentry","category-cultura-fr","tag-mexicains","tag-mexique"],"yoast_head":"<!-- This site is optimized with the Yoast SEO plugin v21.4 - https:\/\/yoast.com\/wordpress\/plugins\/seo\/ -->\n<title>Pourquoi on aime le Mexique ? - Pelicano Properties<\/title>\n<meta name=\"description\" content=\"Pelicano Properties, agence immobili\u00e8re \u00e0 Playa Del Carmen : Les raisons sont l\u00e9gions d\u2019aimer le Mexique, en voici quelques-unes.\" \/>\n<meta name=\"robots\" content=\"index, follow, max-snippet:-1, max-image-preview:large, max-video-preview:-1\" \/>\n<link rel=\"canonical\" href=\"https:\/\/pelicanoproperties.mx\/fr\/pourquoi-on-aime-le-mexique\/\" \/>\n<meta property=\"og:locale\" content=\"fr_FR\" \/>\n<meta property=\"og:type\" content=\"article\" \/>\n<meta property=\"og:title\" content=\"Pourquoi on aime le Mexique ? - Pelicano Properties\" \/>\n<meta property=\"og:description\" content=\"Pelicano Properties, agence immobili\u00e8re \u00e0 Playa Del Carmen : Les raisons sont l\u00e9gions d\u2019aimer le Mexique, en voici quelques-unes.\" \/>\n<meta property=\"og:url\" content=\"https:\/\/pelicanoproperties.mx\/fr\/pourquoi-on-aime-le-mexique\/\" \/>\n<meta property=\"og:site_name\" content=\"Pelicano Properties\" \/>\n<meta property=\"article:published_time\" content=\"2018-01-25T20:44:49+00:00\" \/>\n<meta property=\"article:modified_time\" content=\"2019-02-08T00:33:44+00:00\" \/>\n<meta property=\"og:image\" content=\"https:\/\/pelicanoproperties.mx\/wp-content\/uploads\/2018\/01\/senora-Riviera-Maya-1024x682.jpg\" \/>\n\t<meta property=\"og:image:width\" content=\"1024\" \/>\n\t<meta property=\"og:image:height\" content=\"682\" \/>\n\t<meta property=\"og:image:type\" content=\"image\/jpeg\" \/>\n<meta name=\"author\" content=\"pelicanoproperties\" \/>\n<meta name=\"twitter:card\" content=\"summary_large_image\" \/>\n<meta name=\"twitter:label1\" content=\"\u00c9crit par\" \/>\n\t<meta name=\"twitter:data1\" content=\"pelicanoproperties\" \/>\n\t<meta name=\"twitter:label2\" content=\"Dur\u00e9e de lecture estim\u00e9e\" \/>\n\t<meta name=\"twitter:data2\" content=\"7 minutes\" \/>\n<script type=\"application\/ld+json\" class=\"yoast-schema-graph\">{\"@context\":\"https:\/\/schema.org\",\"@graph\":[{\"@type\":\"WebPage\",\"@id\":\"https:\/\/pelicanoproperties.mx\/fr\/pourquoi-on-aime-le-mexique\/\",\"url\":\"https:\/\/pelicanoproperties.mx\/fr\/pourquoi-on-aime-le-mexique\/\",\"name\":\"Pourquoi on aime le Mexique ? - Pelicano Properties\",\"isPartOf\":{\"@id\":\"https:\/\/pelicanoproperties.mx\/#website\"},\"datePublished\":\"2018-01-25T20:44:49+00:00\",\"dateModified\":\"2019-02-08T00:33:44+00:00\",\"author\":{\"@id\":\"https:\/\/pelicanoproperties.mx\/#\/schema\/person\/7f37271d23196bd6e50e5b1e02da34f2\"},\"description\":\"Pelicano Properties, agence immobili\u00e8re \u00e0 Playa Del Carmen : Les raisons sont l\u00e9gions d\u2019aimer le Mexique, en voici quelques-unes.\",\"breadcrumb\":{\"@id\":\"https:\/\/pelicanoproperties.mx\/fr\/pourquoi-on-aime-le-mexique\/#breadcrumb\"},\"inLanguage\":\"fr-FR\",\"potentialAction\":[{\"@type\":\"ReadAction\",\"target\":[\"https:\/\/pelicanoproperties.mx\/fr\/pourquoi-on-aime-le-mexique\/\"]}]},{\"@type\":\"BreadcrumbList\",\"@id\":\"https:\/\/pelicanoproperties.mx\/fr\/pourquoi-on-aime-le-mexique\/#breadcrumb\",\"itemListElement\":[{\"@type\":\"ListItem\",\"position\":1,\"name\":\"Portada\",\"item\":\"https:\/\/pelicanoproperties.mx\/fr\/\"},{\"@type\":\"ListItem\",\"position\":2,\"name\":\"Pourquoi on aime le Mexique ?\"}]},{\"@type\":\"WebSite\",\"@id\":\"https:\/\/pelicanoproperties.mx\/#website\",\"url\":\"https:\/\/pelicanoproperties.mx\/\",\"name\":\"Pelicano Properties\",\"description\":\"Pelicano Properties\",\"potentialAction\":[{\"@type\":\"SearchAction\",\"target\":{\"@type\":\"EntryPoint\",\"urlTemplate\":\"https:\/\/pelicanoproperties.mx\/?s={search_term_string}\"},\"query-input\":\"required name=search_term_string\"}],\"inLanguage\":\"fr-FR\"},{\"@type\":\"Person\",\"@id\":\"https:\/\/pelicanoproperties.mx\/#\/schema\/person\/7f37271d23196bd6e50e5b1e02da34f2\",\"name\":\"pelicanoproperties\",\"image\":{\"@type\":\"ImageObject\",\"inLanguage\":\"fr-FR\",\"@id\":\"https:\/\/pelicanoproperties.mx\/#\/schema\/person\/image\/\",\"url\":\"https:\/\/pelicanoproperties.mx\/wp-content\/wphb-cache\/gravatar\/51f\/51fcd8d78b989f64f32bedd1d3ec6e26x96.jpg\",\"contentUrl\":\"https:\/\/pelicanoproperties.mx\/wp-content\/wphb-cache\/gravatar\/51f\/51fcd8d78b989f64f32bedd1d3ec6e26x96.jpg\",\"caption\":\"pelicanoproperties\"},\"url\":\"https:\/\/pelicanoproperties.mx\/fr\/author\/pelicanoproperties\/\"}]}<\/script>\n<!-- \/ Yoast SEO plugin. -->","yoast_head_json":{"title":"Pourquoi on aime le Mexique ? - Pelicano Properties","description":"Pelicano Properties, agence immobili\u00e8re \u00e0 Playa Del Carmen : Les raisons sont l\u00e9gions d\u2019aimer le Mexique, en voici quelques-unes.","robots":{"index":"index","follow":"follow","max-snippet":"max-snippet:-1","max-image-preview":"max-image-preview:large","max-video-preview":"max-video-preview:-1"},"canonical":"https:\/\/pelicanoproperties.mx\/fr\/pourquoi-on-aime-le-mexique\/","og_locale":"fr_FR","og_type":"article","og_title":"Pourquoi on aime le Mexique ? - Pelicano Properties","og_description":"Pelicano Properties, agence immobili\u00e8re \u00e0 Playa Del Carmen : Les raisons sont l\u00e9gions d\u2019aimer le Mexique, en voici quelques-unes.","og_url":"https:\/\/pelicanoproperties.mx\/fr\/pourquoi-on-aime-le-mexique\/","og_site_name":"Pelicano Properties","article_published_time":"2018-01-25T20:44:49+00:00","article_modified_time":"2019-02-08T00:33:44+00:00","og_image":[{"width":1024,"height":682,"url":"https:\/\/pelicanoproperties.mx\/wp-content\/uploads\/2018\/01\/senora-Riviera-Maya-1024x682.jpg","type":"image\/jpeg"}],"author":"pelicanoproperties","twitter_card":"summary_large_image","twitter_misc":{"\u00c9crit par":"pelicanoproperties","Dur\u00e9e de lecture estim\u00e9e":"7 minutes"},"schema":{"@context":"https:\/\/schema.org","@graph":[{"@type":"WebPage","@id":"https:\/\/pelicanoproperties.mx\/fr\/pourquoi-on-aime-le-mexique\/","url":"https:\/\/pelicanoproperties.mx\/fr\/pourquoi-on-aime-le-mexique\/","name":"Pourquoi on aime le Mexique ? - Pelicano Properties","isPartOf":{"@id":"https:\/\/pelicanoproperties.mx\/#website"},"datePublished":"2018-01-25T20:44:49+00:00","dateModified":"2019-02-08T00:33:44+00:00","author":{"@id":"https:\/\/pelicanoproperties.mx\/#\/schema\/person\/7f37271d23196bd6e50e5b1e02da34f2"},"description":"Pelicano Properties, agence immobili\u00e8re \u00e0 Playa Del Carmen : Les raisons sont l\u00e9gions d\u2019aimer le Mexique, en voici quelques-unes.","breadcrumb":{"@id":"https:\/\/pelicanoproperties.mx\/fr\/pourquoi-on-aime-le-mexique\/#breadcrumb"},"inLanguage":"fr-FR","potentialAction":[{"@type":"ReadAction","target":["https:\/\/pelicanoproperties.mx\/fr\/pourquoi-on-aime-le-mexique\/"]}]},{"@type":"BreadcrumbList","@id":"https:\/\/pelicanoproperties.mx\/fr\/pourquoi-on-aime-le-mexique\/#breadcrumb","itemListElement":[{"@type":"ListItem","position":1,"name":"Portada","item":"https:\/\/pelicanoproperties.mx\/fr\/"},{"@type":"ListItem","position":2,"name":"Pourquoi on aime le Mexique ?"}]},{"@type":"WebSite","@id":"https:\/\/pelicanoproperties.mx\/#website","url":"https:\/\/pelicanoproperties.mx\/","name":"Pelicano Properties","description":"Pelicano Properties","potentialAction":[{"@type":"SearchAction","target":{"@type":"EntryPoint","urlTemplate":"https:\/\/pelicanoproperties.mx\/?s={search_term_string}"},"query-input":"required name=search_term_string"}],"inLanguage":"fr-FR"},{"@type":"Person","@id":"https:\/\/pelicanoproperties.mx\/#\/schema\/person\/7f37271d23196bd6e50e5b1e02da34f2","name":"pelicanoproperties","image":{"@type":"ImageObject","inLanguage":"fr-FR","@id":"https:\/\/pelicanoproperties.mx\/#\/schema\/person\/image\/","url":"https:\/\/pelicanoproperties.mx\/wp-content\/wphb-cache\/gravatar\/51f\/51fcd8d78b989f64f32bedd1d3ec6e26x96.jpg","contentUrl":"https:\/\/pelicanoproperties.mx\/wp-content\/wphb-cache\/gravatar\/51f\/51fcd8d78b989f64f32bedd1d3ec6e26x96.jpg","caption":"pelicanoproperties"},"url":"https:\/\/pelicanoproperties.mx\/fr\/author\/pelicanoproperties\/"}]}},"_links":{"self":[{"href":"https:\/\/pelicanoproperties.mx\/fr\/wp-json\/wp\/v2\/posts\/1141","targetHints":{"allow":["GET"]}}],"collection":[{"href":"https:\/\/pelicanoproperties.mx\/fr\/wp-json\/wp\/v2\/posts"}],"about":[{"href":"https:\/\/pelicanoproperties.mx\/fr\/wp-json\/wp\/v2\/types\/post"}],"author":[{"embeddable":true,"href":"https:\/\/pelicanoproperties.mx\/fr\/wp-json\/wp\/v2\/users\/3"}],"replies":[{"embeddable":true,"href":"https:\/\/pelicanoproperties.mx\/fr\/wp-json\/wp\/v2\/comments?post=1141"}],"version-history":[{"count":0,"href":"https:\/\/pelicanoproperties.mx\/fr\/wp-json\/wp\/v2\/posts\/1141\/revisions"}],"wp:featuredmedia":[{"embeddable":true,"href":"https:\/\/pelicanoproperties.mx\/fr\/wp-json\/wp\/v2\/media\/1149"}],"wp:attachment":[{"href":"https:\/\/pelicanoproperties.mx\/fr\/wp-json\/wp\/v2\/media?parent=1141"}],"wp:term":[{"taxonomy":"category","embeddable":true,"href":"https:\/\/pelicanoproperties.mx\/fr\/wp-json\/wp\/v2\/categories?post=1141"},{"taxonomy":"post_tag","embeddable":true,"href":"https:\/\/pelicanoproperties.mx\/fr\/wp-json\/wp\/v2\/tags?post=1141"}],"curies":[{"name":"wp","href":"https:\/\/api.w.org\/{rel}","templated":true}]}}